{"id":885,"date":"2014-01-29T18:50:36","date_gmt":"2014-01-29T17:50:36","guid":{"rendered":"http:\/\/www.amicidellamente.org\/wordpress\/?p=885"},"modified":"2019-11-13T20:08:12","modified_gmt":"2019-11-13T19:08:12","slug":"relazione-attivita-2013-e-previsioni-2014","status":"publish","type":"post","link":"https:\/\/www.amicidellamente.org\/wordpress\/relazione-attivita-2013-e-previsioni-2014\/","title":{"rendered":"Relazione Attivit\u00e0 2013 e Previsioni 2014"},"content":{"rendered":"<p style=\"text-align: justify;\">Cari\u00a0amici, con la presente intendiamo\u00a0aggiornarvi sulle attivit\u00e0 realizzate nell\u2019anno 2013, nonch\u00e9 sui progetti in programma e quelli gi\u00e0 attivati per il 2014 dalla nostra Associazione.<\/p>\n<p style=\"text-align: justify;\">Credo sia di fondamentale importanza che queste informazioni possano essere rese note a tutte le persone che ci aiutano e ci sostengono (nel 2013 abbiamo registrato l\u2019iscrizione di altri 58 nuovi Soci).<\/p>\n<p style=\"text-align: justify;\">Quindi, nel congratularmi con tutti voi, poich\u00e9 il vostro sostegno \u00e8 di fondamentale impor\u00adtanza per tutto quanto viene da noi realizzato, spero che quanto leggerete possa confer\u00adma\u00adre e rafforzare la profonda passione che da sempre caratterizza il vostro impegno nel portare avanti le attivit\u00e0 di &#8220;Amici della Mente&#8221;.<\/p>\n<p style=\"text-align: justify;\">Dr. Gabriele Catania<br \/>\n<em>Presidente dell&#8217;Associazione Amici della Mente\u00a0<\/em><\/p>\n<h2>Attivit\u00e0 del 2013<\/h2>\n<h3>Progetti<\/h3>\n<h4>1. Soccorso Panico<\/h4>\n<p style=\"text-align: justify;\">Il progetto &#8220;Soccorso Panico&#8221; \u00e8 rivolto a pazienti che soffrono di Agorafobia con o senza attacchi di panico, in cura presso il dipartimento di salute mentale dell\u2019ospedale L. Sacco di Milano e offre a tali pazienti un servizio di sostegno ai piani di esposizione graduale. In tal modo l\u2019utente viene accompagnato a supe\u00adrare la paura di frequentare alcuni luoghi da egli ritenuti pericolosi, come la metropolitana, i supermercati, i cinema, ecc.<\/p>\n<p>2013: totale 42 ore<\/p>\n<h4>2. Famiglia in prima linea<\/h4>\n<p style=\"text-align: justify;\">Il servizio \u00e8 rivolto a familiari e conoscenti di pazienti sofferenti di agorafobia con o senza attacchi di panico. La finalit\u00e0 del servizio \u00e8 quella aiutarli ad affron\u00adtare il disagio del paziente\/parente e a sostenerlo in modo corretto e funzio\u00adnale.<\/p>\n<p>2013: totale 158 ore<\/p>\n<h4>3. Auto Mutuo Aiuto per il disagio psichico<\/h4>\n<p style=\"text-align: justify;\">Questa attivit\u00e0 \u00e8 finalizzata alla creazione di gruppi di Auto Muto Aiuto (AMA) all\u2019interno dei quali le persone (pazienti, familiari, o semplici cittadini interes\u00adsati), che condividono una stessa esperienza, possono incontrarsi, conoscersi, confrontarsi, in una dimensione di scambio e di reciproco sostegno. L&#8217;Associazione promuove tali attivit\u00e0 contribuendo alla creazione dei gruppi e offrendo la collaborazione di facilitatori che hanno maturato la loro esperienza attraverso la loro partecipazione diretta ai gruppi AMA.<\/p>\n<p>2013: 4 gruppi &#8211; ANCORA ATTIVI &#8211; totale 1200 ore<\/p>\n<h4>4. Aiutiamoli ad Aiutare<\/h4>\n<p style=\"text-align: justify;\">I volontari dell\u2019associazione in quanto ex pazienti e quindi esperti del proble\u00adma, collaborano con il personale dell\u2019&#8221;Unit\u00e0 Operativa di Psichiatria 1&#8243; del\u00adl\u2019Azienda Ospedaliera L. Sacco di Milano, svolgendo attivit\u00e0 pro-pazienti nel dare informazioni sul servizio di cura, fissare appunta\u00admenti, ascoltare i pazienti e sostenerli nell\u2019affrontare il disagio del quale soffrono.<\/p>\n<p>2013: totale 1185 ore<\/p>\n<h4>5. Liberiamo la mente dal pregiudizio<\/h4>\n<p style=\"text-align: justify;\">Il progetto prevede l\u2019organizzazione di eventi artistici (spettacoli teatrali, musi\u00adca\u00adli, ecc.) e informativi a tema, con successivo approfondimento attraverso la testimonianza di pazienti e specialisti, sugli argomenti riguardanti il disagio psi\u00adchico, allo scopo di favorire il superamento del pregiudizio sulla malattia men\u00adtale, diffondendo informazioni utili e corrette su tali problemi.<\/p>\n<h4>6. Aiutiamo le Scuole<\/h4>\n<p style=\"text-align: justify;\">Il progetto prevede interventi informativi sul disagio psichico, presso le scuole, allo scopo di favorire la prevenzione, tramite spettacoli, testimonianze di ex pazienti ed informazioni da parte di specialisti.<\/p>\n<h3 style=\"text-align: justify;\">Eventi 2013<\/h3>\n<table class=\" aligncenter\">\n<tbody>\n<tr>\n<td style=\"text-align: right;\" width=\"64\"><strong>23-feb<\/strong><\/td>\n<td width=\"64\">\u00a0Teatro Dad\u00e0 di Castelfranco Emilia (MO)<\/td>\n<\/tr>\n<tr>\n<td style=\"text-align: right;\"><strong>13-mar<\/strong><\/td>\n<td style=\"text-align: justify;\">Presentazione del progetto &#8220;Faber in Mente&#8221; all\u2019interno della rassegna &#8220;Filosofarti&#8221; presso &#8220;Spazio Car\u00f9&#8221; di Gallarate (VA), in col\u00adla\u00adborazione con la Fondazione De Andr\u00e9<\/td>\n<\/tr>\n<tr>\n<td style=\"text-align: right;\"><strong>21-mar<\/strong><\/td>\n<td style=\"text-align: justify;\">Il progetto teatrale &#8220;Le Stanze di Faber&#8221; partecipa al concorso teatrale organizzato dall\u2019assessorato alla cultura del Comune di Brescia<\/td>\n<\/tr>\n<tr>\n<td style=\"text-align: right;\"><strong>05-mag<\/strong><\/td>\n<td style=\"text-align: justify;\">\u00a0Incontro presso l\u2019Universit\u00e0 degli Studi di Bergamo, dove \u00e8 stato presentato il progetto &#8220;Faber in Mente&#8221; in collaborazione con la Fondazione De Andr\u00e9<\/td>\n<\/tr>\n<tr>\n<td style=\"text-align: right;\"><strong>08-mag<\/strong><\/td>\n<td style=\"text-align: justify;\">\u00a0Aula magna ospedale L. Sacco di Milano presentazione del libro &#8220;La Terapia De Andr\u00e9&#8221; che ha come scopo quello di diffondere la comprensione empatica del disagio psichico<\/td>\n<\/tr>\n<tr>\n<td style=\"text-align: right;\"><strong>24-mag<\/strong><\/td>\n<td>Universit\u00e0 degli studi di Padova presentazione del progetto &#8220;Faber in Mente&#8221; all\u2019VIII\u00b0 Convegno Nazionale di Musico\u00adterapia<\/td>\n<\/tr>\n<tr>\n<td style=\"text-align: right;\"><strong>20-set<\/strong><\/td>\n<td>Teatro S. Anna Busto Arsizio (VA) serata di spettacolo e informazione sul disagio psichico in collaborazione con il Sindacato Nazionale di Polizia (SIULP)<\/td>\n<\/tr>\n<tr>\n<td style=\"text-align: right;\"><strong>04-nov<\/strong><\/td>\n<td style=\"text-align: justify;\">Anno Accademico 2013-2014 anche quest\u2019anno tre volon\u00adtarie hanno testimoniato la loro esperienza di ex pazienti al corso di Psicologia Clinica da me tenuto presso l\u2019Universit\u00e0 Statale di Milano<\/td>\n<\/tr>\n<tr>\n<td style=\"text-align: right;\"><strong>09-nov<\/strong><\/td>\n<td style=\"text-align: justify;\">Villa Truffini Tradate (VA), presentazione del progetto &#8220;Faber in Mente&#8221; al Centro di Psicoterapia Cognitiva di Tradate<\/td>\n<\/tr>\n<tr>\n<td style=\"text-align: right;\"><strong>14-nov<\/strong><\/td>\n<td>presentazione del progetto &#8220;Faber in Mente&#8221; presso la libreria Ubik di Busto Arsizio (VA)<\/td>\n<\/tr>\n<tr>\n<td style=\"text-align: right;\"><strong>16-nov<\/strong><\/td>\n<td style=\"text-align: justify;\">parte il progetto &#8220;Amici della mente e della famiglia&#8221;, un programma di incontri di sostegno ai familiari di pazienti difficili, offerto gratuitamente dalla nostra associazione e condotti dalle nostre volon\u00adtarie dr.ssa Silvia Catania e dr.ssa Maria Giulia Loveci (psicologhe specia\u00adlizzate in terapia familiare)<\/td>\n<\/tr>\n<tr>\n<td style=\"text-align: right;\"><strong>dal 16 novembre 2013 fino al 24 maggio 2014<\/strong><\/td>\n<td>Seminari sulla comprensione empatica del disagio psichico presso la sede legale della nostra Associazione<\/td>\n<\/tr>\n<tr>\n<td style=\"text-align: right;\"><strong>20-nov<\/strong><\/td>\n<td>Progetto &#8220;Aiutiamo le Scuole&#8221;<\/td>\n<\/tr>\n<tr>\n<td style=\"text-align: right;\"><strong>26-nov<\/strong><\/td>\n<td>Progetto &#8220;Aiutiamo le Scuole&#8221;<\/td>\n<\/tr>\n<tr>\n<td style=\"text-align: right;\"><strong>28-nov<\/strong><\/td>\n<td style=\"text-align: justify;\">Parte il progetto &#8220;Tu Prova ad Avere un Mondo nel Cuore&#8221;, un programma di incontri di musicoterapia con pazienti in cura presso il Centro Diurno del Dipartimento di salute mentale dell\u2019Ospe\u00addale L. Sacco. Il trattamento riabilitativo \u00e8 condotto dal nostro volon\u00adtario dr. Luca Codec\u00e0 ed \u00e8 offerto gratuitamente dalla nostra Asso\u00adcia\u00adzione.<\/td>\n<\/tr>\n<tr>\n<td style=\"text-align: right;\"><strong>05-dic<\/strong><\/td>\n<td style=\"text-align: justify;\">parte il progetto &#8220;Gestire l\u2019Ansia con la Musica&#8221;, un pro\u00adgramma di incontri di musicoterapia con pazienti in cura presso il Nucleo Operativo di Terapia Cognitivo-Comportamentale (N.O.Te.C.) del Dipartimento di salute mentale dell\u2019Ospedale L. Sacco. Il trattamento riabilitativo \u00e8 condotto dal nostro volontario dr. Paolo Kunzler ed \u00e8 offerto gratuitamente dalla nostra Associazione.<\/td>\n<\/tr>\n<\/tbody>\n<\/table>\n<h2>Attivit\u00e0 e Previsioni del 2014<\/h2>\n<p style=\"text-align: justify;\"><strong>7 gennaio<\/strong> &#8211; Inizia la distribuzione del libretto <em>Somewhere Over the Rainbow<\/em> dove sono raccolte alcune storie di pazienti con disturbo di panico che raccontano la loro esperienza. Il libretto verr\u00e0 distribuito gratuitamente ai nuovi pazienti del N.O.Te.C. in modo da poterli aiutare a socializzare in modo empatico con il disturbo del quale soffrono.<\/p>\n<p style=\"text-align: justify;\">Continuazione dei progetti:<\/p>\n<ul>\n<li style=\"text-align: justify;\">Amici della Mente e della Famiglia<\/li>\n<li style=\"text-align: justify;\">Tu Prova ad Avere un Mondo nel Cuore<\/li>\n<li style=\"text-align: justify;\">Gestire l\u2019Ansia con la Musica<\/li>\n<li style=\"text-align: justify;\">Aiutiamo le Scuole<\/li>\n<\/ul>\n<p style=\"text-align: justify;\">Da marzo p.v. presso il CIRCOLO FILOLOGICO di Milano, terr\u00f2 un seminario costituito da cinque incontri dal titolo: &#8220;Fabrizio De Andr\u00e9 e altre storie. Come capire e prevenire il disagio mentale attraverso le canzoni del cantautore genovese&#8221;. In questi incontri verranno pubblicizzate le attivit\u00e0 della nostra Associazione;<\/p>\n<p style=\"text-align: justify;\">Realizzazione del progetto per le carceri: &#8220;Nella Mia Ora di Libert\u00e0&#8221;, in collaborazione con il Carcere di Bollate (MI) e l\u2019Associazione &#8220;Trasgressione&#8221; di Milano;<\/p>\n<p style=\"text-align: justify;\">Pubblicazione del Compact Disc &#8220;Faber in Mente&#8221; che ha finalit\u00e0 informative sul disagio psichico, in collaborazione con la scuola di musica &#8220;Cluster&#8221; di Milano e del musicista Franz Di Cioccio;<\/p>\n<p style=\"text-align: justify;\">Realizzazione della 1a Rassegna &#8220;Amici della Mente e dell\u2019Arte&#8221;. L\u2019evento prevede la presentazione da parte di pazienti e di ex pazienti delle loro creazioni artistiche (poesie, canzoni, dipinti, racconti, ecc.);<\/p>\n<p style=\"text-align: justify;\">Realizzazione del programma informativo &#8220;Amare i Bambini: come e perch\u00e9&#8221;. Il progetto nasce dalla collaborazione con il prof. Enzo Soresi e con la sua Associazione per la prevenzione del disagio psichico &#8220;Octopusbrain&#8221;, che nel\u00adl\u2019ottobre del 2010 ha organizzato a Milano un convegno dal titolo &#8220;Perch\u00e9 Amare i Bambini&#8221;. L\u2019idea \u00e8 quella di proporre informazioni sulle necessit\u00e0 psicologiche dei bambini proponendo un approccio integrato tra le esperienze della pratica psicoterapeutica e quelle delle neuroscienze.<\/p>\n","protected":false},"excerpt":{"rendered":"<p>Cari\u00a0amici, con la presente intendiamo\u00a0aggiornarvi sulle attivit\u00e0 realizzate nell\u2019anno 2013, nonch\u00e9 sui progetti in programma e quelli gi\u00e0 attivati per il 2014 dalla nostra Associazione. Credo sia di fondamentale importanza che queste informazioni possano essere rese note a tutte le &#8230; <a class=\"more-link\" href=\"https:\/\/www.amicidellamente.org\/wordpress\/relazione-attivita-2013-e-previsioni-2014\/\">Leggi tutto &raquo;<\/a><\/p>\n","protected":false},"author":1,"featured_media":0,"comment_status":"closed","ping_status":"closed","sticky":false,"template":"","format":"standard","meta":{"footnotes":""},"categories":[2],"tags":[],"class_list":["post-885","post","type-post","status-publish","format-standard","hentry","category-notizie"],"_links":{"self":[{"href":"https:\/\/www.amicidellamente.org\/wordpress\/wp-json\/wp\/v2\/posts\/885","targetHints":{"allow":["GET"]}}],"collection":[{"href":"https:\/\/www.amicidellamente.org\/wordpress\/wp-json\/wp\/v2\/posts"}],"about":[{"href":"https:\/\/www.amicidellamente.org\/wordpress\/wp-json\/wp\/v2\/types\/post"}],"author":[{"embeddable":true,"href":"https:\/\/www.amicidellamente.org\/wordpress\/wp-json\/wp\/v2\/users\/1"}],"replies":[{"embeddable":true,"href":"https:\/\/www.amicidellamente.org\/wordpress\/wp-json\/wp\/v2\/comments?post=885"}],"version-history":[{"count":0,"href":"https:\/\/www.amicidellamente.org\/wordpress\/wp-json\/wp\/v2\/posts\/885\/revisions"}],"wp:attachment":[{"href":"https:\/\/www.amicidellamente.org\/wordpress\/wp-json\/wp\/v2\/media?parent=885"}],"wp:term":[{"taxonomy":"category","embeddable":true,"href":"https:\/\/www.amicidellamente.org\/wordpress\/wp-json\/wp\/v2\/categories?post=885"},{"taxonomy":"post_tag","embeddable":true,"href":"https:\/\/www.amicidellamente.org\/wordpress\/wp-json\/wp\/v2\/tags?post=885"}],"curies":[{"name":"wp","href":"https:\/\/api.w.org\/{rel}","templated":true}]}}