{"id":4477,"date":"2026-09-02T15:48:08","date_gmt":"2026-09-02T13:48:08","guid":{"rendered":"https:\/\/www.amicidellamente.org\/wordpress\/?p=4477"},"modified":"2026-09-02T15:49:36","modified_gmt":"2026-09-02T13:49:36","slug":"12-settembre-2026-i-ritmi-delluniverso","status":"publish","type":"post","link":"https:\/\/www.amicidellamente.org\/wordpress\/12-settembre-2026-i-ritmi-delluniverso\/","title":{"rendered":"12 Settembre 2026 &#8211; I ritmi dell&#8217;universo"},"content":{"rendered":"\n<figure class=\"wp-block-image size-large\"><img loading=\"lazy\" decoding=\"async\" width=\"791\" height=\"1024\" src=\"https:\/\/www.amicidellamente.org\/wordpress\/wp-content\/uploads\/20260912_RitmiUniverso-791x1024.jpeg\" alt=\"\" class=\"wp-image-4478\" srcset=\"https:\/\/www.amicidellamente.org\/wordpress\/wp-content\/uploads\/20260912_RitmiUniverso-791x1024.jpeg 791w, https:\/\/www.amicidellamente.org\/wordpress\/wp-content\/uploads\/20260912_RitmiUniverso-232x300.jpeg 232w, https:\/\/www.amicidellamente.org\/wordpress\/wp-content\/uploads\/20260912_RitmiUniverso-767x993.jpeg 767w, https:\/\/www.amicidellamente.org\/wordpress\/wp-content\/uploads\/20260912_RitmiUniverso.jpeg 816w\" sizes=\"auto, (max-width: 791px) 100vw, 791px\" \/><\/figure>\n\n\n\n<p class=\"wp-block-paragraph\"><\/p>\n\n\n\n<p class=\"wp-block-paragraph\">Il 12 settembre 2026 verr\u00e0 presentato un nuovo laboratorio del nostro <strong>Recovery College<\/strong>. Si tratta di una esperienza unica che vi permetter\u00e0 di mettervi in contatto con la vostra essenza pi\u00f9 primitiva e profonda attraverso i ritmi dell'&#8221;universo umano&#8221;. Il Maestro <strong>Mauro Poeda<\/strong>, musicoterapeuta, assieme al suono dei suoi tamburi, sar\u00e0 la vostra guida. Vi aspettiamo numerosi. Non perdetevi questa occasione. Durante la presentazione potrete iscrivervi gratuitamente al laboratorio.<\/p>\n","protected":false},"excerpt":{"rendered":"<p>Il 12 settembre 2026 verr\u00e0 presentato un nuovo laboratorio del nostro Recovery College. Si tratta di una esperienza unica che vi permetter\u00e0 di mettervi in contatto con la vostra essenza pi\u00f9 primitiva e profonda attraverso i ritmi dell&#8217;&#8221;universo umano&#8221;. Il &#8230; <a class=\"more-link\" href=\"https:\/\/www.amicidellamente.org\/wordpress\/12-settembre-2026-i-ritmi-delluniverso\/\">Leggi tutto &raquo;<\/a><\/p>\n","protected":false},"author":1,"featured_media":4478,"comment_status":"closed","ping_status":"closed","sticky":false,"template":"","format":"standard","meta":{"footnotes":""},"categories":[3],"tags":[121],"class_list":["post-4477","post","type-post","status-publish","format-standard","has-post-thumbnail","hentry","category-eventi","tag-recovery-college"],"_links":{"self":[{"href":"https:\/\/www.amicidellamente.org\/wordpress\/wp-json\/wp\/v2\/posts\/4477","targetHints":{"allow":["GET"]}}],"collection":[{"href":"https:\/\/www.amicidellamente.org\/wordpress\/wp-json\/wp\/v2\/posts"}],"about":[{"href":"https:\/\/www.amicidellamente.org\/wordpress\/wp-json\/wp\/v2\/types\/post"}],"author":[{"embeddable":true,"href":"https:\/\/www.amicidellamente.org\/wordpress\/wp-json\/wp\/v2\/users\/1"}],"replies":[{"embeddable":true,"href":"https:\/\/www.amicidellamente.org\/wordpress\/wp-json\/wp\/v2\/comments?post=4477"}],"version-history":[{"count":3,"href":"https:\/\/www.amicidellamente.org\/wordpress\/wp-json\/wp\/v2\/posts\/4477\/revisions"}],"predecessor-version":[{"id":4481,"href":"https:\/\/www.amicidellamente.org\/wordpress\/wp-json\/wp\/v2\/posts\/4477\/revisions\/4481"}],"wp:featuredmedia":[{"embeddable":true,"href":"https:\/\/www.amicidellamente.org\/wordpress\/wp-json\/wp\/v2\/media\/4478"}],"wp:attachment":[{"href":"https:\/\/www.amicidellamente.org\/wordpress\/wp-json\/wp\/v2\/media?parent=4477"}],"wp:term":[{"taxonomy":"category","embeddable":true,"href":"https:\/\/www.amicidellamente.org\/wordpress\/wp-json\/wp\/v2\/categories?post=4477"},{"taxonomy":"post_tag","embeddable":true,"href":"https:\/\/www.amicidellamente.org\/wordpress\/wp-json\/wp\/v2\/tags?post=4477"}],"curies":[{"name":"wp","href":"https:\/\/api.w.org\/{rel}","templated":true}]}}