{"id":3891,"date":"2021-03-24T18:20:47","date_gmt":"2021-03-24T17:20:47","guid":{"rendered":"https:\/\/www.amicidellamente.org\/wordpress\/?p=3891"},"modified":"2021-03-24T18:26:37","modified_gmt":"2021-03-24T17:26:37","slug":"il-moro-filo-di-luce","status":"publish","type":"post","link":"https:\/\/www.amicidellamente.org\/wordpress\/il-moro-filo-di-luce\/","title":{"rendered":"Il MORO &#8211; Filo di Luce"},"content":{"rendered":"\n<div class=\"wp-block-image\"><figure class=\"aligncenter size-large\"><img loading=\"lazy\" decoding=\"async\" width=\"477\" height=\"490\" src=\"https:\/\/www.amicidellamente.org\/wordpress\/wp-content\/uploads\/20210324_IlMoro.jpg\" alt=\"\" class=\"wp-image-3892\" srcset=\"https:\/\/www.amicidellamente.org\/wordpress\/wp-content\/uploads\/20210324_IlMoro.jpg 477w, https:\/\/www.amicidellamente.org\/wordpress\/wp-content\/uploads\/20210324_IlMoro-292x300.jpg 292w\" sizes=\"auto, (max-width: 477px) 100vw, 477px\" \/><\/figure><\/div>\n\n\n\n<p align=\"justify\"><span style=\"font-size: small;\">\u00c9 disponibile da <\/span><span style=\"font-size: small;\"><b>venerd\u00ec 26 marzo <em>&#8220;<\/em><\/b><\/span><span style=\"font-size: small;\"><i><b>Filo di luce&#8221;<\/b><\/i><\/span><span style=\"font-size: small;\">, il nuovo singolo de <\/span><span style=\"font-size: small;\"><b>IL MORO<\/b><\/span><span style=\"font-size: small;\">, la band capitanata da <\/span><span style=\"font-size: small;\"><b>Martino Iacchetti<\/b><\/span><span style=\"font-size: small;\">. Online da <\/span><span style=\"font-size: small;\"><b>venerd\u00ec 02 aprile<\/b><\/span><span style=\"font-size: small;\"> anche il <\/span><span style=\"font-size: small;\">videoclip,<\/span><i><b> <\/b><\/i><span style=\"font-size: small;\">che proporr\u00e0 una versione live in studio del brano stesso.<\/span><\/p>\n<p align=\"justify\"><span style=\"font-size: small;\">Il singolo, prodotto da <\/span><span style=\"font-size: small;\"><b>Marco Ulcigrai<\/b><\/span><span style=\"font-size: small;\"> (<\/span><span style=\"font-size: small;\"><b>Il Triangolo, I Ministri<\/b><\/span><span style=\"font-size: small;\">) e scritto con Daniele Ferrazzi<\/span><b> <\/b><span style=\"font-size: small;\">e Mattia Foglia, componenti della precedente formazione della band, uscir\u00e0 con il sostegno della \u201c<\/span><span style=\"font-size: small;\"><i><b>Lidap<\/b><\/i><\/span><span style=\"font-size: small;\"><b>\u201d <\/b><\/span><span style=\"font-size: small;\">(Lega Italiana contro i disturbi d\u2019ansia, agorafobia ed attacchi di panico), da pi\u00f9 di 31 anni <\/span><span style=\"font-size: small;\"><u>punto di riferimento in tutta Italia per le tematiche legate ai disturbi d\u2019ansia e panico<\/u><\/span><span style=\"font-size: small;\">, e dell\u2019Organizzazione di Volontariato \u201c<\/span><span style=\"font-size: small;\"><i><b>Amici della Mente<\/b><\/i><\/span><span style=\"font-size: small;\"><b>\u201d<\/b><\/span><span style=\"font-size: small;\">, associazione no-profit per la tutela della salute mentale, istituita all\u2019interno del <\/span><span style=\"font-size: small;\"><i>Centro per la cura dei disturbi da attacchi di panico con e senza agorafobia<\/i><\/span><span style=\"font-size: small;\"> (N.O.Te.C.) afferente al <\/span><span style=\"font-size: small;\"><u>DSMD della ASST Fatebenefratelli-Sacco &#8211; Presidio ospedaliero Luigi Sacco di Milano<\/u><\/span><span style=\"font-size: small;\">. <\/span><\/p>\n<p align=\"justify\"><span style=\"font-size: small;\">La canzone, infatti, ha come tema centrale la lotta quotidiana contro i disturbi dell\u2019ansia, molto diffusi nella societ\u00e0 odierna ma allo stesso tempo, in un certo senso, nascosti. In un momento storico in cui la mancanza di socialit\u00e0 e la totale incertezza sul futuro hanno completamente sconvolto la vita delle persone, queste serie problematiche possono amplificarsi e diventare difficili da controllare. La canzone descrive in modo poetico ed evocativo le sensazioni e le paure scatenate dall\u2019ansia e dal panico, intervenendo con crudezza nell\u2019analisi di quella ricerca di luce e di respiro che costringe a un limbo inesplorato di stati d\u2019animo, mettendo l\u2019individuo che ne soffre a stretto contatto con i suoi lati pi\u00f9 oscuri e sconosciuti. <\/span><span style=\"font-size: small;\"><i>\u201cSoffrendo di ansia in prima persona, ho sempre cercato di descrivere questo mondo attraverso le canzoni e non \u00e8 stato mai facile farlo\u201d <\/i><\/span><span style=\"font-size: small;\">\u2013 racconta il frontman <\/span><span style=\"font-size: small;\"><b>Martino Iacchetti<\/b><\/span><span style=\"font-size: small;\"> \u2013 <\/span><span style=\"font-size: small;\"><i>\u201cQuesto filo di luce \u00e8 quello spiraglio a cui cerco di tenermi aggrappato quando intorno non vedo pi\u00f9 altro, quando ho paura di non riuscire pi\u00f9 a respirare, quando il cuore batte cos\u00ec forte che sembra esplodermi nel petto. L\u2019ansia non \u00e8 un\u2019amica, ma in qualche modo ti accompagna, \u00e8 l\u00ec con te. Bisogna cercare di riconoscerla e non averne vergogna, ma non \u00e8 per nulla semplice. Si pu\u00f2 combattere, attraverso la terapia e la consapevolezza. Cantarla, suonarla, ascoltarla mi sta aiutando e spero che in qualche modo possa porgere una mano a chi ne soffre insieme a me. Teniamo tantissimo a questo pezzo, farlo uscire in questo momento storico per noi ha un enorme significato. A tutti quelli che non si lasciano stare, a tutti quelli che ci combattono ogni giorno vogliamo dire: non siete soli, parlatene, piangetene, ridetene, cantateci sopra!\u201d<\/i><\/span><\/p>\n<p align=\"justify\">\u201c<span style=\"font-size: small;\"><i>La <\/i><\/span><span style=\"font-size: small;\"><i><b>\u201cLIDAP\u201d<\/b><\/i><\/span><span style=\"font-size: small;\"><i> ha trovato estremamente interessante poter collaborare a questo progetto <\/i><\/span><span style=\"font-size: small;\">\u2013 le parole di <\/span><span style=\"font-size: small;\"><b>Alessandra Giordani<\/b><\/span><span style=\"font-size: small;\"> \u2013 <\/span><span style=\"font-size: small;\"><i>Da molti anni ci occupiamo dei disturbi legati all\u2019ansia e attacchi di panico, sappiamo molto bene quanto sia difficile riuscire a parlarne, per questo promuoviamo gruppi di auto-mutuo-aiuto dove le persone possano confrontarsi con altri che hanno o hanno avuto lo stesso problema. La musica \u00e8 da sempre un importante sostegno per far uscire le nostre emozioni. La canzone descrive molto bene quello che succede durante un attacco di ansia o panico e la necessit\u00e0 di avere un filo di luce a cui aggrapparci. La solitudine \u00e8 la migliore amica dell\u2019ansia, ti imprigiona e ti toglie il respiro, ma una mano amica pu\u00f2 aiutarti a riveder le stelle. Oggi pi\u00f9 che mai c\u2019\u00e8 bisogno di condivisione, non importa con che modalit\u00e0, l\u2019importante \u00e8 parlarne. Anche le paure pi\u00f9 profonde, condivise con gli altri, fanno meno paura. Ringraziamo <\/i><\/span><span style=\"font-size: small;\"><i><b>Il Moro <\/b><\/i><\/span><span style=\"font-size: small;\"><i>per questo progetto e per il coraggio di affrontare argomenti cos\u00ec impegnativi.\u201d<\/i><\/span><\/p>\n<p align=\"justify\">\u201c<span style=\"font-size: small;\"><i>C\u2019\u00e8 un <\/i><\/span><span style=\"font-size: small;\"><i><b>filo di luce<\/b><\/i><\/span><span style=\"font-size: small;\"><i> che lega la sofferenza, l\u2019inquietudine, la paura delle persone affette dal panico: il filo della memoria e della consapevolezza di s\u00e9 stessi \u2013 <\/i><\/span><span style=\"font-size: small;\">commenta il Dott. <\/span><span style=\"font-size: small;\"><b>Gabriele Catania<\/b><\/span><span style=\"font-size: small;\">, psicologo e fondatore di <\/span><span style=\"font-size: small;\"><i><b>Amici della mente<\/b><\/i><\/span><span style=\"font-size: small;\"> \u2013 <\/span><span style=\"font-size: small;\"><i>Il Moro, in questo testo, ci fa capire come seguirlo per trovare la via della guarigione.\u201d<\/i><\/span><\/p>\n<p align=\"justify\"><span style=\"font-size: small;\">La band <\/span><span style=\"font-size: small;\"><b>IL MORO<\/b><\/span><span style=\"font-size: small;\"> non \u00e8 nuova al tentativo di sensibilizzare il pubblico e gli ascoltatori su temi importanti attraverso la propria musica e al racconto di esperienze personali che appartengano a un vissuto e non a un\u2019idea o a un giudizio, come dimostra il primo singolo <\/span><span style=\"font-size: small;\"><i><b>\u201cD.O.C.\u201d<\/b><\/i><\/span><span style=\"font-size: small;\">, uscito nel 2015 e dedicato ai disturbi ossessivo-compulsivi. <\/span><span style=\"font-size: small;\"><i><b>\u201cFilo di luce\u201d<\/b><\/i><\/span><span style=\"font-size: small;\">, inoltre, giunge a distanza di pochi mesi dalla particolare esperienza del \u201c<\/span><span style=\"font-size: small;\"><i><b>Non Convenzionale Tour 2020\u201d<\/b><\/i><\/span><span style=\"font-size: small;\">, un itinerario di concerti sui balconi e i giardini di Milano e dintorni, nato dall\u2019impossibilit\u00e0 di suonare dal vivo in modo, appunto, convenzionale, a causa dell\u2019anno di pandemia appena trascorso. Questo tour di 15 date svolto durante la scorsa estate \u00e8 culminato con l\u2019uscita di <\/span><span style=\"font-size: small;\"><i><b>\u201cNuoteremo in mare<\/b><\/i><\/span><span style=\"font-size: small;\">\u201d, il terzo singolo della band, pubblicato a dicembre 2020. Il videoclip del brano \u00e8 una testimonianza diretta del tour e allo stesso tempo un racconto dei mesi di lockdown da poco trascorsi e condivisi da tutta la popolazione.<\/span><\/p>\n<p align=\"justify\"><span style=\"color: #1a1a1a;\"><span style=\"font-size: small;\"><b>IL MORO<\/b><\/span><\/span><span style=\"font-size: small;\"> \u00e8 una band nata nel 2014 grazie all\u2019incontro di <\/span><span style=\"font-size: small;\"><b>Martino Iacchetti <\/b><\/span><span style=\"font-size: small;\">con <\/span><span style=\"font-size: small;\"><b>Daniele Ferrazzi <\/b><\/span><span style=\"font-size: small;\">(chitarra)<\/span><b> <\/b><span style=\"font-size: small;\">e <\/span><span style=\"font-size: small;\"><b>Mattia Foglia <\/b><\/span><span style=\"font-size: small;\">(basso) e tutt\u2019ora composta da <\/span><span style=\"font-size: small;\"><b>Martino Iacchetti<\/b><\/span><span style=\"font-size: small;\"> (voce), <\/span><span style=\"font-size: small;\"><b>Tommaso Angelini<\/b><\/span><span style=\"font-size: small;\"> (chitarra) e <\/span><span style=\"font-size: small;\"><b>Stefano Caniati<\/b><\/span><span style=\"font-size: small;\"> (batteria e percussioni). L\u2019ingresso nel mercato discografico giunge nel 2015 con la pubblicazione del singolo <\/span><span style=\"font-size: small;\"><i><b>\u201cD.O.C.\u201d<\/b><\/i><\/span><span style=\"font-size: small;\">, che ha dato la prima spinta alla band e ha costituito un\u2019anteprima del primo ep <\/span><span style=\"font-size: small;\"><i><b>\u201cAUTORITRATTO\u201d<\/b><\/i><\/span><span style=\"font-size: small;\">, uscito a gennaio 2016. Un anno dopo, nell\u2019estate del 2017, viene pubblicato il singolo autoprodotto <\/span><span style=\"font-size: small;\"><i><b>\u201cElena\u201d<\/b><\/i><\/span><span style=\"font-size: small;\">, <\/span><span style=\"color: #1a1a1a;\"><span style=\"font-size: small;\">una canzone d&#8217;amore che parla con semplicit\u00e0 e leggerezza di quanto sia bello e straordinario avere una persona accanto. In questi ultimi tre anni <\/span><\/span><span style=\"color: #1a1a1a;\"><span style=\"font-size: small;\"><b>Martino Iacchetti<\/b><\/span><\/span><span style=\"color: #1a1a1a;\"><span style=\"font-size: small;\"> e i suoi compagni, instancabili sperimentatori, hanno intrapreso un nuovo percorso artistico e stilistico, indirizzando la propria musica verso <\/span><\/span><span style=\"font-size: small;\">una direzione pi\u00f9 acustica e sperimentale, adattabile a diversi luoghi e situazioni anche non convenzionali.<\/span><\/p>\n<p align=\"center\"><span style=\"color: #000000;\"><span style=\"font-size: small;\"><span lang=\"en-US\"><b>LINK UFFICIALI:<\/b><\/span><\/span><\/span><\/p>\n<p align=\"center\"><span style=\"color: #000000;\"><span style=\"font-size: small;\"><span lang=\"en-US\"><b>Instagram:\u00a0<\/b><\/span><\/span><\/span><span style=\"color: #0000ff;\"><u><a href=\"https:\/\/www.instagram.com\/ilmoroband_official\/\" target=\"_blank\" rel=\"noopener\"><span style=\"color: #000000;\"><span style=\"font-size: small;\"><span lang=\"en-US\">https:\/\/www.instagram.com\/ilmoroband_official\/<\/span><\/span><\/span><\/a><br \/><\/u><\/span><span style=\"color: #000000;\"><span style=\"font-size: small;\"><span lang=\"en-GB\"><b>Spotify:\u00a0<\/b><\/span><\/span><\/span><span style=\"color: #0000ff;\"><u><a href=\"https:\/\/open.spotify.com\/artist\/6KK4gAfb9aVNGlEgbbRejV?si=LlBiiCBTTIObHDwrrfsy4w\" target=\"_blank\" rel=\"noopener\"><span style=\"color: #000000;\"><span style=\"font-size: small;\"><span lang=\"en-US\">https:\/\/open.spotify.com\/artist\/6KK4gAfb9aVNGlEgbbRejV?si=LlBiiCBTTIObHDwrrfsy4w<\/span><\/span><\/span><\/a><br \/><\/u><\/span><span style=\"color: #000000;\"><span style=\"font-size: small;\"><span lang=\"en-GB\"><b>Facebook: <\/b><\/span><\/span><\/span><span style=\"color: #0000ff;\"><u><a href=\"https:\/\/www.facebook.com\/ilmoroband\/\" target=\"_blank\" rel=\"noopener\"><span style=\"color: #000000;\"><span style=\"font-size: small;\"><span lang=\"en-US\">https:\/\/www.facebook.com\/ilmoroband\/<\/span><\/span><\/span><\/a><\/u><\/span><\/p>\n","protected":false},"excerpt":{"rendered":"<p>\u00c9 disponibile da venerd\u00ec 26 marzo &#8220;Filo di luce&#8221;, il nuovo singolo de IL MORO, la band capitanata da Martino Iacchetti. Online da venerd\u00ec 02 aprile anche il videoclip, che proporr\u00e0 una versione live in studio del brano stesso. Il &#8230; <a class=\"more-link\" href=\"https:\/\/www.amicidellamente.org\/wordpress\/il-moro-filo-di-luce\/\">Leggi tutto &raquo;<\/a><\/p>\n","protected":false},"author":1,"featured_media":3892,"comment_status":"closed","ping_status":"closed","sticky":false,"template":"","format":"standard","meta":{"footnotes":""},"categories":[2],"tags":[80,58],"class_list":["post-3891","post","type-post","status-publish","format-standard","has-post-thumbnail","hentry","category-notizie","tag-ansia","tag-tutela-salute-mentale"],"_links":{"self":[{"href":"https:\/\/www.amicidellamente.org\/wordpress\/wp-json\/wp\/v2\/posts\/3891","targetHints":{"allow":["GET"]}}],"collection":[{"href":"https:\/\/www.amicidellamente.org\/wordpress\/wp-json\/wp\/v2\/posts"}],"about":[{"href":"https:\/\/www.amicidellamente.org\/wordpress\/wp-json\/wp\/v2\/types\/post"}],"author":[{"embeddable":true,"href":"https:\/\/www.amicidellamente.org\/wordpress\/wp-json\/wp\/v2\/users\/1"}],"replies":[{"embeddable":true,"href":"https:\/\/www.amicidellamente.org\/wordpress\/wp-json\/wp\/v2\/comments?post=3891"}],"version-history":[{"count":0,"href":"https:\/\/www.amicidellamente.org\/wordpress\/wp-json\/wp\/v2\/posts\/3891\/revisions"}],"wp:featuredmedia":[{"embeddable":true,"href":"https:\/\/www.amicidellamente.org\/wordpress\/wp-json\/wp\/v2\/media\/3892"}],"wp:attachment":[{"href":"https:\/\/www.amicidellamente.org\/wordpress\/wp-json\/wp\/v2\/media?parent=3891"}],"wp:term":[{"taxonomy":"category","embeddable":true,"href":"https:\/\/www.amicidellamente.org\/wordpress\/wp-json\/wp\/v2\/categories?post=3891"},{"taxonomy":"post_tag","embeddable":true,"href":"https:\/\/www.amicidellamente.org\/wordpress\/wp-json\/wp\/v2\/tags?post=3891"}],"curies":[{"name":"wp","href":"https:\/\/api.w.org\/{rel}","templated":true}]}}